{"id":1206,"date":"2023-08-24T15:32:11","date_gmt":"2023-08-24T21:32:11","guid":{"rendered":"https:\/\/smarttravelhon.com\/?p=1206"},"modified":"2023-08-26T14:23:37","modified_gmt":"2023-08-26T20:23:37","slug":"b","status":"publish","type":"post","link":"https:\/\/smarttravelhon.com\/index.php\/2023\/08\/24\/b\/","title":{"rendered":"BARCELONA, ESPA\u00d1A"},"content":{"rendered":"\n<h2 class=\"wp-block-heading\" style=\"font-style:italic;font-weight:700\"><br><br><strong><em>BARCELONA, ESPA\u00d1A<\/em><\/strong><\/h2>\n\n\n\n<div class=\"wp-block-uagb-advanced-heading uagb-block-f8f2cdba\"><h2 class=\"uagb-heading-text\">\u00bfD\u00f3nde ir si estas de visita por Barcelona?<\/h2><\/div>\n\n\n\n<section class=\"wp-block-uagb-columns uagb-columns__wrap uagb-columns__background-none uagb-columns__stack-mobile uagb-columns__valign-center uagb-columns__gap-10 alignfull uagb-block-8d7cca0d uagb-columns__columns-2 uagb-columns__max_width-theme\"><div class=\"uagb-columns__overlay\"><\/div><div class=\"uagb-columns__inner-wrap uagb-columns__columns-2\">\n<div class=\"wp-block-uagb-column uagb-column__wrap uagb-column__background-undefined uagb-block-afcb74d6\"><div class=\"uagb-column__overlay\"><\/div>\n<div class=\"wp-block-uagb-image aligncenter uagb-block-861a47cb wp-block-uagb-image--layout-default wp-block-uagb-image--effect-static wp-block-uagb-image--align-center\"><figure class=\"wp-block-uagb-image__figure\"><img loading=\"lazy\" decoding=\"async\" srcset=\"https:\/\/smarttravelhon.com\/wp-content\/uploads\/2023\/08\/parque-guell-1-1024x684.jpg \" sizes=\"(max-width: 480px) 150px\" src=\"https:\/\/smarttravelhon.com\/wp-content\/uploads\/2023\/08\/parque-guell-1-1024x684.jpg\" alt=\"\" class=\"uag-image-1212\" width=\"1024\" height=\"684\" title=\"\" loading=\"lazy\"\/><\/figure><\/div>\n\n\n\n<p><strong>Razones para Visitar:<\/strong> Arquitectura Gaud\u00ed, Vistas Panor\u00e1micas, Mosaicos Coloridos, Senderos y Jardines, Elementos Fant\u00e1sticos, Patrimonio Cultural, Creatividad e Inspiraci\u00f3n.<\/p>\n<\/div>\n\n\n\n<div class=\"wp-block-uagb-column uagb-column__wrap uagb-column__background-undefined uagb-block-5184d12b\"><div class=\"uagb-column__overlay\"><\/div>\n<p class=\"has-ast-global-color-5-color has-ast-global-color-0-background-color has-text-color has-background has-medium-font-size\"><strong>1.- PARQUE G\u00dcEL: <\/strong><\/p>\n\n\n\n<p>El Parque G\u00fcell es otro de los magn\u00edficos legados del genio Antoni Gaud\u00ed en Barcelona. El proyecto fue encargado por el industrialista Eusebi G\u00fcell, quien quer\u00eda crear un enclave residencial con jardines y viviendas de lujo. Aunque la idea inicial era crear una urbanizaci\u00f3n privada, el proyecto no tuvo el \u00e9xito comercial esperado y finalmente se convirti\u00f3 en un parque p\u00fablico.<br>Gaud\u00ed trabaj\u00f3 en el Parque G\u00fcell entre 1900 y 1914. Su dise\u00f1o refleja su estilo caracter\u00edstico de arquitectura org\u00e1nica y elementos naturales, con formas curvas, mosaicos de cer\u00e1mica y detalles inspirados en la naturaleza.<\/p>\n\n\n\n<div class=\"wp-block-uagb-buttons uagb-buttons__outer-wrap uagb-btn__default-btn uagb-btn-tablet__default-btn uagb-btn-mobile__default-btn uagb-block-96936a67\"><div class=\"uagb-buttons__wrap uagb-buttons-layout-wrap\">\n<div class=\"wp-block-uagb-buttons-child uagb-buttons__outer-wrap uagb-block-c20d2e99 wp-block-button\"><div class=\"uagb-button__wrapper\"><a class=\"uagb-buttons-repeater wp-block-button__link\" href=\"https:\/\/goo.gl\/maps\/eudafc81T9ckYRRL8\" onclick=\"return true;\" rel=\"follow noopener\" target=\"_self\"><div class=\"uagb-button__link\">c\u00f3mo llegar<\/div><\/a><\/div><\/div>\n<\/div><\/div>\n<\/div>\n<\/div><\/section>\n\n\n\n<section class=\"wp-block-uagb-columns uagb-columns__wrap uagb-columns__background-none uagb-columns__stack-mobile uagb-columns__valign-center uagb-columns__gap-10 alignfull uagb-block-e02d68fe uagb-columns__columns-2 uagb-columns__max_width-theme\"><div class=\"uagb-columns__overlay\"><\/div><div class=\"uagb-columns__inner-wrap uagb-columns__columns-2\">\n<div class=\"wp-block-uagb-column uagb-column__wrap uagb-column__background-undefined uagb-block-cac499e2\"><div class=\"uagb-column__overlay\"><\/div>\n<div class=\"wp-block-uagb-image aligncenter uagb-block-cb0d9b12 wp-block-uagb-image--layout-default wp-block-uagb-image--effect-static wp-block-uagb-image--align-center\"><figure class=\"wp-block-uagb-image__figure\"><img loading=\"lazy\" decoding=\"async\" srcset=\"https:\/\/smarttravelhon.com\/wp-content\/uploads\/2023\/08\/Sagrada-Familia-Barcelona-Cataluna-edited.webp \" sizes=\"(max-width: 480px) 150px\" src=\"https:\/\/smarttravelhon.com\/wp-content\/uploads\/2023\/08\/Sagrada-Familia-Barcelona-Cataluna-edited.webp\" alt=\"\" class=\"uag-image-1208\" width=\"560\" height=\"420\" title=\"\" loading=\"lazy\"\/><\/figure><\/div>\n\n\n\n<p><strong>Razones para Visitar:<\/strong> Arquitectura \u00danica, Obra Inacabada, Simbolismo Religioso, Simbolismo Religioso, Vistas Panor\u00e1micas, Patrimonio Cultural, Experiencia Espiritual<\/p>\n<\/div>\n\n\n\n<div class=\"wp-block-uagb-column uagb-column__wrap uagb-column__background-undefined uagb-block-82981716\"><div class=\"uagb-column__overlay\"><\/div>\n<p class=\"has-ast-global-color-5-color has-ast-global-color-0-background-color has-text-color has-background has-medium-font-size\"><strong>2.- LA SAGRADA FAMILIA: <\/strong><\/p>\n\n\n\n<p class=\"has-medium-font-size\">Es uno de los monumentos m\u00e1s emblem\u00e1ticos de Barcelona y un \u00edcono de la arquitectura modernista. El arquitecto catal\u00e1n Antoni Gaud\u00ed comenz\u00f3 a trabajar en este proyecto en 1882, y lo transform\u00f3 en su principal obra maestra. Sin embargo, Gaud\u00ed no pudo ver su finalizaci\u00f3n, ya que muri\u00f3 en 1926 antes de que la estructura estuviera completa. A pesar de esto, su visi\u00f3n y dise\u00f1o han continuado hasta hoy.<\/p>\n\n\n\n<div class=\"wp-block-uagb-buttons uagb-buttons__outer-wrap uagb-btn__default-btn uagb-btn-tablet__default-btn uagb-btn-mobile__default-btn uagb-block-5d9d29d9\"><div class=\"uagb-buttons__wrap uagb-buttons-layout-wrap\">\n<div class=\"wp-block-uagb-buttons-child uagb-buttons__outer-wrap uagb-block-e8b71e16 wp-block-button\"><div class=\"uagb-button__wrapper\"><a class=\"uagb-buttons-repeater wp-block-button__link\" href=\"https:\/\/goo.gl\/maps\/f6cWiSksoPu3LQf26\" onclick=\"return true;\" rel=\"follow noopener\" target=\"_self\"><div class=\"uagb-button__link\">c\u00f3mo llegar<\/div><\/a><\/div><\/div>\n<\/div><\/div>\n<\/div>\n<\/div><\/section>\n\n\n\n<section class=\"wp-block-uagb-columns uagb-columns__wrap uagb-columns__background-none uagb-columns__stack-mobile uagb-columns__valign-center uagb-columns__gap-10 alignfull uagb-block-3ee8b074 uagb-columns__columns-2 uagb-columns__max_width-theme\"><div class=\"uagb-columns__overlay\"><\/div><div class=\"uagb-columns__inner-wrap uagb-columns__columns-2\">\n<div class=\"wp-block-uagb-column uagb-column__wrap uagb-column__background-undefined uagb-block-0a63361e\"><div class=\"uagb-column__overlay\"><\/div>\n<div class=\"wp-block-uagb-image aligncenter uagb-block-26cb7cdf wp-block-uagb-image--layout-default wp-block-uagb-image--effect-static wp-block-uagb-image--align-center\"><figure class=\"wp-block-uagb-image__figure\"><img loading=\"lazy\" decoding=\"async\" srcset=\"https:\/\/smarttravelhon.com\/wp-content\/uploads\/2023\/08\/LA-RAMBLA.jpeg \" sizes=\"(max-width: 480px) 150px\" src=\"https:\/\/smarttravelhon.com\/wp-content\/uploads\/2023\/08\/LA-RAMBLA.jpeg\" alt=\"\" class=\"uag-image-1216\" width=\"1024\" height=\"576\" title=\"\" loading=\"lazy\"\/><\/figure><\/div>\n\n\n\n<p><strong>Razones para Visitar:<\/strong> Vida Urbana \u00danica, Mercados Coloridos, Artistas Callejeros, Caf\u00e9s y Restaurantes, Punto de Inicio Perfecto.<\/p>\n<\/div>\n\n\n\n<div class=\"wp-block-uagb-column uagb-column__wrap uagb-column__background-undefined uagb-block-18ca7bd7\"><div class=\"uagb-column__overlay\"><\/div>\n<p class=\"has-ast-global-color-5-color has-ast-global-color-0-background-color has-text-color has-background has-medium-font-size\"><strong>3.- LAS RAMBLAS: <\/strong><\/p>\n\n\n\n<p class=\"has-medium-font-size\">Las Ramblas, conocidas oficialmente como La Rambla, es una ic\u00f3nica avenida en el coraz\u00f3n de Barcelona. Su dise\u00f1o se remonta al siglo XVIII, cuando se convirti\u00f3 en un paseo central de la ciudad. Originalmente fue un canal, y posteriormente se transform\u00f3 en el bulevar lleno de vida que es hoy en d\u00eda.<\/p>\n\n\n\n<div class=\"wp-block-uagb-buttons uagb-buttons__outer-wrap uagb-btn__default-btn uagb-btn-tablet__default-btn uagb-btn-mobile__default-btn uagb-block-f77299f3\"><div class=\"uagb-buttons__wrap uagb-buttons-layout-wrap\">\n<div class=\"wp-block-uagb-buttons-child uagb-buttons__outer-wrap uagb-block-37ca5c35 wp-block-button\"><div class=\"uagb-button__wrapper\"><a class=\"uagb-buttons-repeater wp-block-button__link\" href=\"https:\/\/goo.gl\/maps\/U2owDrd5bPeGwM1RA\" onclick=\"return true;\" rel=\"follow noopener\" target=\"_self\"><div class=\"uagb-button__link\">c\u00f3mo llegar<\/div><\/a><\/div><\/div>\n<\/div><\/div>\n<\/div>\n<\/div><\/section>\n\n\n\n<section class=\"wp-block-uagb-columns uagb-columns__wrap uagb-columns__background-none uagb-columns__stack-mobile uagb-columns__valign-center uagb-columns__gap-10 alignfull uagb-block-090fb8a7 uagb-columns__columns-2 uagb-columns__max_width-theme\"><div class=\"uagb-columns__overlay\"><\/div><div class=\"uagb-columns__inner-wrap uagb-columns__columns-2\">\n<div class=\"wp-block-uagb-column uagb-column__wrap uagb-column__background-undefined uagb-block-317e703b\"><div class=\"uagb-column__overlay\"><\/div>\n<div class=\"wp-block-uagb-image aligncenter uagb-block-7ef4d3e4 wp-block-uagb-image--layout-default wp-block-uagb-image--effect-static wp-block-uagb-image--align-center\"><figure class=\"wp-block-uagb-image__figure\"><img loading=\"lazy\" decoding=\"async\" srcset=\"https:\/\/smarttravelhon.com\/wp-content\/uploads\/2023\/08\/BARRIO-GOTICO.jpg \" sizes=\"(max-width: 480px) 150px\" src=\"https:\/\/smarttravelhon.com\/wp-content\/uploads\/2023\/08\/BARRIO-GOTICO.jpg\" alt=\"\" class=\"uag-image-1217\" width=\"1024\" height=\"576\" title=\"\" loading=\"lazy\"\/><\/figure><\/div>\n\n\n\n<p><strong>Razones para Visitar:<\/strong> Arquitectura Impresionante, Atmosfera Encantadora, Plazas y Plazuelas, Historia Viva.<\/p>\n<\/div>\n\n\n\n<div class=\"wp-block-uagb-column uagb-column__wrap uagb-column__background-undefined uagb-block-9b5920d8\"><div class=\"uagb-column__overlay\"><\/div>\n<p class=\"has-ast-global-color-5-color has-ast-global-color-0-background-color has-text-color has-background has-medium-font-size\"><strong> 4.- EL BARRIO G\u00d3TICO: <\/strong><\/p>\n\n\n\n<p class=\"has-medium-font-size\">El Barrio G\u00f3tico, conocido como \u00abBarri G\u00f2tic\u00bb en catal\u00e1n, es el coraz\u00f3n medieval de Barcelona. Sus estrechas calles empedradas y edificios centenarios cuentan la historia de la ciudad desde la \u00e9poca romana hasta la actualidad.<\/p>\n\n\n\n<div class=\"wp-block-uagb-buttons uagb-buttons__outer-wrap uagb-btn__default-btn uagb-btn-tablet__default-btn uagb-btn-mobile__default-btn uagb-block-31383cb3\"><div class=\"uagb-buttons__wrap uagb-buttons-layout-wrap\">\n<div class=\"wp-block-uagb-buttons-child uagb-buttons__outer-wrap uagb-block-0b9bfa6e wp-block-button\"><div class=\"uagb-button__wrapper\"><a class=\"uagb-buttons-repeater wp-block-button__link\" href=\"https:\/\/goo.gl\/maps\/P1faGf9uJMLbNstZ9\" onclick=\"return true;\" rel=\"follow noopener\" target=\"_self\"><div class=\"uagb-button__link\">c\u00f3mo llegar<\/div><\/a><\/div><\/div>\n<\/div><\/div>\n<\/div>\n<\/div><\/section>\n\n\n\n<section class=\"wp-block-uagb-columns uagb-columns__wrap uagb-columns__background-none uagb-columns__stack-mobile uagb-columns__valign-center uagb-columns__gap-10 alignfull uagb-block-613b14dd uagb-columns__columns-2 uagb-columns__max_width-theme\"><div class=\"uagb-columns__overlay\"><\/div><div class=\"uagb-columns__inner-wrap uagb-columns__columns-2\">\n<div class=\"wp-block-uagb-column uagb-column__wrap uagb-column__background-undefined uagb-block-cb0acaa7\"><div class=\"uagb-column__overlay\"><\/div>\n<div class=\"wp-block-uagb-image aligncenter uagb-block-8af305c5 wp-block-uagb-image--layout-default wp-block-uagb-image--effect-static wp-block-uagb-image--align-center\"><figure class=\"wp-block-uagb-image__figure\"><img loading=\"lazy\" decoding=\"async\" srcset=\"https:\/\/smarttravelhon.com\/wp-content\/uploads\/2023\/08\/BARCELONETA-1024x576.jpg \" sizes=\"(max-width: 480px) 150px\" src=\"https:\/\/smarttravelhon.com\/wp-content\/uploads\/2023\/08\/BARCELONETA-1024x576.jpg\" alt=\"\" class=\"uag-image-1218\" width=\"1024\" height=\"576\" title=\"\" loading=\"lazy\"\/><\/figure><\/div>\n\n\n\n<p><strong>Razones para Visitar:<\/strong> Arena Dorada y Aguas Cristalinas, Atm\u00f3sfera Relajada, Paseo Mar\u00edtimo, Deportes Acu\u00e1ticos, Chiringuitos y Restaurantes, Vistas Panor\u00e1micas, Vida Nocturna.<\/p>\n<\/div>\n\n\n\n<div class=\"wp-block-uagb-column uagb-column__wrap uagb-column__background-undefined uagb-block-d1fe1b0f\"><div class=\"uagb-column__overlay\"><\/div>\n<p class=\"has-ast-global-color-5-color has-ast-global-color-0-background-color has-text-color has-background has-medium-font-size\"><strong>5.- LA PLAYA BARCELONETA<\/strong><\/p>\n\n\n\n<p class=\"has-medium-font-size\">La Playa de la Barceloneta es una de las playas m\u00e1s famosas de Barcelona y ha sido un lugar de recreaci\u00f3n y encuentro desde hace siglos. Originalmente un \u00e1rea de pescadores, esta playa experiment\u00f3 una revitalizaci\u00f3n y mejora en la d\u00e9cada de 1990 para convertirse en el ic\u00f3nico destino costero que es hoy en d\u00eda.<\/p>\n\n\n\n<div class=\"wp-block-uagb-buttons uagb-buttons__outer-wrap uagb-btn__default-btn uagb-btn-tablet__default-btn uagb-btn-mobile__default-btn uagb-block-9e9dcee6\"><div class=\"uagb-buttons__wrap uagb-buttons-layout-wrap\">\n<div class=\"wp-block-uagb-buttons-child uagb-buttons__outer-wrap uagb-block-186ebd7d wp-block-button\"><div class=\"uagb-button__wrapper\"><a class=\"uagb-buttons-repeater wp-block-button__link\" href=\"https:\/\/goo.gl\/maps\/H79fasx8N4YvJg4Z6\" onclick=\"return true;\" rel=\"follow noopener\" target=\"_self\"><div class=\"uagb-button__link\">c\u00f3mo llegar<\/div><\/a><\/div><\/div>\n<\/div><\/div>\n<\/div>\n<\/div><\/section>\n\n\n\n<section class=\"wp-block-uagb-columns uagb-columns__wrap uagb-columns__background-none uagb-columns__stack-mobile uagb-columns__valign-center uagb-columns__gap-10 alignfull uagb-block-6ebfec2e uagb-columns__columns-2 uagb-columns__max_width-theme\"><div class=\"uagb-columns__overlay\"><\/div><div class=\"uagb-columns__inner-wrap uagb-columns__columns-2\">\n<div class=\"wp-block-uagb-column uagb-column__wrap uagb-column__background-undefined uagb-block-ef173435\"><div class=\"uagb-column__overlay\"><\/div>\n<div class=\"wp-block-uagb-image aligncenter uagb-block-a6d00e4a wp-block-uagb-image--layout-default wp-block-uagb-image--effect-static wp-block-uagb-image--align-center\"><figure class=\"wp-block-uagb-image__figure\"><img loading=\"lazy\" decoding=\"async\" srcset=\"https:\/\/smarttravelhon.com\/wp-content\/uploads\/2023\/08\/fuente-montjuic-turistas.jpg \" sizes=\"(max-width: 480px) 150px\" src=\"https:\/\/smarttravelhon.com\/wp-content\/uploads\/2023\/08\/fuente-montjuic-turistas.jpg\" alt=\"\" class=\"uag-image-1219\" width=\"1024\" height=\"576\" title=\"\" loading=\"lazy\"\/><\/figure><\/div>\n\n\n\n<p><strong>Razones para Visitar:<\/strong> Vistas Panor\u00e1micas, Castillo de Montju\u00efc, Parque Montju\u00efc y Jardines, Museos y Centros Culturales, Fuente M\u00e1gica de Montju\u00efc, Palau Sant Jordi y Anillo Ol\u00edmpico, Eventos y Festivales.<\/p>\n<\/div>\n\n\n\n<div class=\"wp-block-uagb-column uagb-column__wrap uagb-column__background-undefined uagb-block-ef7ae15a\"><div class=\"uagb-column__overlay\"><\/div>\n<p class=\"has-ast-global-color-5-color has-ast-global-color-0-background-color has-text-color has-background has-medium-font-size\"><strong>6.- MONTJU\u00cfC <\/strong><\/p>\n\n\n\n<p>Montju\u00efc es una colina emblem\u00e1tica que ha desempe\u00f1ado un papel importante en la historia de Barcelona. Ha sido un lugar estrat\u00e9gico desde la \u00e9poca romana y ha albergado eventos como la Exposici\u00f3n Universal de 1929 y los Juegos Ol\u00edmpicos de 1992.<\/p>\n\n\n\n<div class=\"wp-block-uagb-buttons uagb-buttons__outer-wrap uagb-btn__default-btn uagb-btn-tablet__default-btn uagb-btn-mobile__default-btn uagb-block-153f8f08\"><div class=\"uagb-buttons__wrap uagb-buttons-layout-wrap\">\n<div class=\"wp-block-uagb-buttons-child uagb-buttons__outer-wrap uagb-block-1af0b185 wp-block-button\"><div class=\"uagb-button__wrapper\"><a class=\"uagb-buttons-repeater wp-block-button__link\" href=\"https:\/\/goo.gl\/maps\/XEscrsv8wknSvoen9\" onclick=\"return true;\" rel=\"follow noopener\" target=\"_self\"><div class=\"uagb-button__link\">c\u00f3mo llegar<\/div><\/a><\/div><\/div>\n<\/div><\/div>\n<\/div>\n<\/div><\/section>\n\n\n\n<section class=\"wp-block-uagb-columns uagb-columns__wrap uagb-columns__background-none uagb-columns__stack-mobile uagb-columns__valign-center uagb-columns__gap-10 alignfull uagb-block-5de216ec uagb-columns__columns-2 uagb-columns__max_width-theme\"><div class=\"uagb-columns__overlay\"><\/div><div class=\"uagb-columns__inner-wrap uagb-columns__columns-2\">\n<div class=\"wp-block-uagb-column uagb-column__wrap uagb-column__background-undefined uagb-block-0bfac695\"><div class=\"uagb-column__overlay\"><\/div>\n<div class=\"wp-block-uagb-image aligncenter uagb-block-3d2a47f9 wp-block-uagb-image--layout-default wp-block-uagb-image--effect-static wp-block-uagb-image--align-center\"><figure class=\"wp-block-uagb-image__figure\"><img loading=\"lazy\" decoding=\"async\" srcset=\"https:\/\/smarttravelhon.com\/wp-content\/uploads\/2023\/08\/picasso-museu-em-barcelona.jpg \" sizes=\"(max-width: 480px) 150px\" src=\"https:\/\/smarttravelhon.com\/wp-content\/uploads\/2023\/08\/picasso-museu-em-barcelona.jpg\" alt=\"\" class=\"uag-image-1215\" width=\"1024\" height=\"576\" title=\"\" loading=\"lazy\"\/><\/figure><\/div>\n\n\n\n<p><strong>Razones para Visitar:<\/strong> Obras de Arte de Picasso, Desarrollo Art\u00edstico, Contexto Hist\u00f3rico, Espacio Cultural Significativo, Colecci\u00f3n Variada, Conexi\u00f3n con Barcelona.<\/p>\n<\/div>\n\n\n\n<div class=\"wp-block-uagb-column uagb-column__wrap uagb-column__background-undefined uagb-block-57fa6e91\"><div class=\"uagb-column__overlay\"><\/div>\n<p class=\"has-ast-global-color-5-color has-ast-global-color-0-background-color has-text-color has-background has-medium-font-size\"><strong>7.- MUSEU PICASSO<\/strong><\/p>\n\n\n\n<p class=\"has-medium-font-size\">El Museo Picasso en Barcelona est\u00e1 dedicado a la obra temprana del influyente artista Pablo Picasso. El museo se encuentra en un conjunto de palacetes medievales en el Barrio G\u00f3tico de la ciudad.<\/p>\n\n\n\n<div class=\"wp-block-uagb-buttons uagb-buttons__outer-wrap uagb-btn__default-btn uagb-btn-tablet__default-btn uagb-btn-mobile__default-btn uagb-block-f4ef0a35\"><div class=\"uagb-buttons__wrap uagb-buttons-layout-wrap\">\n<div class=\"wp-block-uagb-buttons-child uagb-buttons__outer-wrap uagb-block-7f763e1b wp-block-button\"><div class=\"uagb-button__wrapper\"><a class=\"uagb-buttons-repeater wp-block-button__link\" href=\"https:\/\/goo.gl\/maps\/WDY9cURQwZgixVQs5\" onclick=\"return true;\" rel=\"follow noopener\" target=\"_self\"><div class=\"uagb-button__link\">c\u00f3mo llegar<\/div><\/a><\/div><\/div>\n<\/div><\/div>\n<\/div>\n<\/div><\/section>\n\n\n\n<section class=\"wp-block-uagb-columns uagb-columns__wrap uagb-columns__background-none uagb-columns__stack-mobile uagb-columns__valign-center uagb-columns__gap-10 alignfull uagb-block-2500dd4b uagb-columns__columns-2 uagb-columns__max_width-theme\"><div class=\"uagb-columns__overlay\"><\/div><div class=\"uagb-columns__inner-wrap uagb-columns__columns-2\">\n<div class=\"wp-block-uagb-column uagb-column__wrap uagb-column__background-undefined uagb-block-91bb8cac\"><div class=\"uagb-column__overlay\"><\/div>\n<div class=\"wp-block-uagb-image aligncenter uagb-block-3b6b3f35 wp-block-uagb-image--layout-default wp-block-uagb-image--effect-static wp-block-uagb-image--align-center\"><figure class=\"wp-block-uagb-image__figure\"><img loading=\"lazy\" decoding=\"async\" srcset=\"https:\/\/smarttravelhon.com\/wp-content\/uploads\/2023\/08\/Casa-mila.jpg \" sizes=\"(max-width: 480px) 150px\" src=\"https:\/\/smarttravelhon.com\/wp-content\/uploads\/2023\/08\/Casa-mila.jpg\" alt=\"\" class=\"uag-image-1220\" width=\"1024\" height=\"576\" title=\"\" loading=\"lazy\"\/><\/figure><\/div>\n\n\n\n<p><strong>Razones para Visitar:<\/strong> Arquitectura de Gaud\u00ed, Techo Escultural, Patio de Luces, Espacio Cultural y Exposiciones, Historia de la Vivienda Modernista, Vistas desde la Azotea.<\/p>\n<\/div>\n\n\n\n<div class=\"wp-block-uagb-column uagb-column__wrap uagb-column__background-undefined uagb-block-554186cd\"><div class=\"uagb-column__overlay\"><\/div>\n<p class=\"has-ast-global-color-5-color has-ast-global-color-0-background-color has-text-color has-background has-medium-font-size\"><strong>8.- LA PRADERA &#8211; CASA MIL\u00c1<\/strong><\/p>\n\n\n\n<p class=\"has-medium-font-size\">La Pedrera, tambi\u00e9n conocida como Casa Mil\u00e0, es un emblem\u00e1tico edificio modernista dise\u00f1ado por Antoni Gaud\u00ed en el siglo XX. Fue construido como residencia privada y es un \u00edcono del dise\u00f1o arquitect\u00f3nico innovador.<\/p>\n\n\n\n<div class=\"wp-block-uagb-buttons uagb-buttons__outer-wrap uagb-btn__default-btn uagb-btn-tablet__default-btn uagb-btn-mobile__default-btn uagb-block-ce3b8cee\"><div class=\"uagb-buttons__wrap uagb-buttons-layout-wrap\">\n<div class=\"wp-block-uagb-buttons-child uagb-buttons__outer-wrap uagb-block-6ddf5591 wp-block-button\"><div class=\"uagb-button__wrapper\"><a class=\"uagb-buttons-repeater wp-block-button__link\" href=\"https:\/\/goo.gl\/maps\/NUEqR328Wx6uSXd19\" onclick=\"return true;\" rel=\"follow noopener\" target=\"_self\"><div class=\"uagb-button__link\">c\u00f3mo llegar<\/div><\/a><\/div><\/div>\n<\/div><\/div>\n<\/div>\n<\/div><\/section>\n\n\n\n<section class=\"wp-block-uagb-columns uagb-columns__wrap uagb-columns__background-none uagb-columns__stack-mobile uagb-columns__valign-center uagb-columns__gap-10 alignfull uagb-block-bf4b89a2 uagb-columns__columns-2 uagb-columns__max_width-theme\"><div class=\"uagb-columns__overlay\"><\/div><div class=\"uagb-columns__inner-wrap uagb-columns__columns-2\">\n<div class=\"wp-block-uagb-column uagb-column__wrap uagb-column__background-undefined uagb-block-b3261e31\"><div class=\"uagb-column__overlay\"><\/div>\n<div class=\"wp-block-uagb-image aligncenter uagb-block-07ea564d wp-block-uagb-image--layout-default wp-block-uagb-image--effect-static wp-block-uagb-image--align-center\"><figure class=\"wp-block-uagb-image__figure\"><img loading=\"lazy\" decoding=\"async\" srcset=\"https:\/\/smarttravelhon.com\/wp-content\/uploads\/2023\/08\/casa-batllo_standard.jpg \" sizes=\"(max-width: 480px) 150px\" src=\"https:\/\/smarttravelhon.com\/wp-content\/uploads\/2023\/08\/casa-batllo_standard.jpg\" alt=\"\" class=\"uag-image-1221\" width=\"1024\" height=\"576\" title=\"\" loading=\"lazy\"\/><\/figure><\/div>\n\n\n\n<p><strong>Razones para Visitar:<\/strong> Arquitectura de Gaud\u00ed, Fachada de Mosaicos Coloridos, Elementos Esculturales, Interiores Modernistas, Historia de la Casa y la Familia Batll\u00f3, Innovaci\u00f3n Arquitect\u00f3nica.<\/p>\n<\/div>\n\n\n\n<div class=\"wp-block-uagb-column uagb-column__wrap uagb-column__background-undefined uagb-block-923152ef\"><div class=\"uagb-column__overlay\"><\/div>\n<p class=\"has-ast-global-color-5-color has-ast-global-color-0-background-color has-text-color has-background has-medium-font-size\"><strong>9.- LA CASA BATLL\u00d3<\/strong><\/p>\n\n\n\n<p class=\"has-medium-font-size\">La Casa Batll\u00f3 es un edificio modernista dise\u00f1ado por Antoni Gaud\u00ed en el siglo XX. Es conocido por su dise\u00f1o org\u00e1nico y elementos \u00fanicos que lo convierten en una joya arquitect\u00f3nica.<\/p>\n\n\n\n<div class=\"wp-block-uagb-buttons uagb-buttons__outer-wrap uagb-btn__default-btn uagb-btn-tablet__default-btn uagb-btn-mobile__default-btn uagb-block-c5cbbcde\"><div class=\"uagb-buttons__wrap uagb-buttons-layout-wrap\">\n<div class=\"wp-block-uagb-buttons-child uagb-buttons__outer-wrap uagb-block-4fd967b0 wp-block-button\"><div class=\"uagb-button__wrapper\"><a class=\"uagb-buttons-repeater wp-block-button__link\" href=\"https:\/\/goo.gl\/maps\/w7kcALu42zKqJxddA\" onclick=\"return true;\" rel=\"follow noopener\" target=\"_self\"><div class=\"uagb-button__link\">c\u00f3mo llegar<\/div><\/a><\/div><\/div>\n<\/div><\/div>\n<\/div>\n<\/div><\/section>\n\n\n\n<section class=\"wp-block-uagb-columns uagb-columns__wrap uagb-columns__background-none uagb-columns__stack-mobile uagb-columns__valign-center uagb-columns__gap-10 alignfull uagb-block-008839e3 uagb-columns__columns-2 uagb-columns__max_width-theme\"><div class=\"uagb-columns__overlay\"><\/div><div class=\"uagb-columns__inner-wrap uagb-columns__columns-2\">\n<div class=\"wp-block-uagb-column uagb-column__wrap uagb-column__background-undefined uagb-block-804b2a5c\"><div class=\"uagb-column__overlay\"><\/div>\n<div class=\"wp-block-uagb-image aligncenter uagb-block-c9d2e77b wp-block-uagb-image--layout-default wp-block-uagb-image--effect-static wp-block-uagb-image--align-center\"><figure class=\"wp-block-uagb-image__figure\"><img loading=\"lazy\" decoding=\"async\" srcset=\"https:\/\/smarttravelhon.com\/wp-content\/uploads\/2023\/08\/fc-barcelona-soccer-clubs-soccer-camp-nou-wallpaper-preview.jpg \" sizes=\"(max-width: 480px) 150px\" src=\"https:\/\/smarttravelhon.com\/wp-content\/uploads\/2023\/08\/fc-barcelona-soccer-clubs-soccer-camp-nou-wallpaper-preview.jpg\" alt=\"\" class=\"uag-image-1222\" width=\"1024\" height=\"576\" title=\"\" loading=\"lazy\"\/><\/figure><\/div>\n\n\n\n<p><strong>Razones para Visitar:<\/strong> Historia del F\u00fatbol, Museo del FC Barcelona, Trofeos y Memorias, Ambiente Deportivo, Tour por el Estadio, Tienda Oficial del Club.<\/p>\n<\/div>\n\n\n\n<div class=\"wp-block-uagb-column uagb-column__wrap uagb-column__background-undefined uagb-block-6b4b6bcd\"><div class=\"uagb-column__overlay\"><\/div>\n<p class=\"has-ast-global-color-5-color has-ast-global-color-0-background-color has-text-color has-background has-medium-font-size\"><strong>10.- ESTADIO CAMP NOU<\/strong><\/p>\n\n\n\n<p class=\"has-medium-font-size\">El Camp Nou es el estadio del FC Barcelona y uno de los estadios m\u00e1s grandes de Europa. Inaugurado en 1957, ha sido escenario de innumerables eventos deportivos y momentos memorables.<\/p>\n\n\n\n<div class=\"wp-block-uagb-buttons uagb-buttons__outer-wrap uagb-btn__default-btn uagb-btn-tablet__default-btn uagb-btn-mobile__default-btn uagb-block-45583ec0\"><div class=\"uagb-buttons__wrap uagb-buttons-layout-wrap\">\n<div class=\"wp-block-uagb-buttons-child uagb-buttons__outer-wrap uagb-block-12ee4b54 wp-block-button\"><div class=\"uagb-button__wrapper\"><a class=\"uagb-buttons-repeater wp-block-button__link\" href=\"https:\/\/goo.gl\/maps\/1njcCig5S5KctTpo7\" onclick=\"return true;\" rel=\"follow noopener\" target=\"_self\"><div class=\"uagb-button__link\">c\u00f3mo llegar<\/div><\/a><\/div><\/div>\n<\/div><\/div>\n<\/div>\n<\/div><\/section>\n\n\n\n<section class=\"wp-block-uagb-columns uagb-columns__wrap uagb-columns__background-none uagb-columns__stack-mobile uagb-columns__valign-center uagb-columns__gap-10 alignfull uagb-block-9369ccfc uagb-columns__columns-2 uagb-columns__max_width-theme\"><div class=\"uagb-columns__overlay\"><\/div><div class=\"uagb-columns__inner-wrap uagb-columns__columns-2\">\n<div class=\"wp-block-uagb-column uagb-column__wrap uagb-column__background-undefined uagb-block-e0d8b8b1\"><div class=\"uagb-column__overlay\"><\/div>\n<div class=\"wp-block-uagb-image aligncenter uagb-block-e5cb5df4 wp-block-uagb-image--layout-default wp-block-uagb-image--effect-static wp-block-uagb-image--align-center\"><figure class=\"wp-block-uagb-image__figure\"><img loading=\"lazy\" decoding=\"async\" srcset=\"https:\/\/smarttravelhon.com\/wp-content\/uploads\/2023\/08\/7cabc1ab-f640-46c5-81ef-d951ffae1414_alta-libre-aspect-ratio_default_0-1024x576.jpg \" sizes=\"(max-width: 480px) 150px\" src=\"https:\/\/smarttravelhon.com\/wp-content\/uploads\/2023\/08\/7cabc1ab-f640-46c5-81ef-d951ffae1414_alta-libre-aspect-ratio_default_0-1024x576.jpg\" alt=\"\" class=\"uag-image-1224\" width=\"1024\" height=\"576\" title=\"\" loading=\"lazy\"\/><\/figure><\/div>\n\n\n\n<p><strong>Razones para Visitar:<\/strong> Historia del Club, Trofeos y Logros, Exhibiciones Interactivas, Relatos de Jugadores Emblem\u00e1ticos, Legado Futbol\u00edstico, Tienda de Souvenirs.<\/p>\n<\/div>\n\n\n\n<div class=\"wp-block-uagb-column uagb-column__wrap uagb-column__background-undefined uagb-block-db05aab8\"><div class=\"uagb-column__overlay\"><\/div>\n<p class=\"has-ast-global-color-5-color has-ast-global-color-0-background-color has-text-color has-background has-medium-font-size\"><strong>11.- MUSEO DEL FC BARCELONA<\/strong><\/p>\n\n\n\n<p class=\"has-medium-font-size\">El Museo del FC Barcelona, conocido como \u00abCamp Nou Experience\u00bb, presenta la rica historia del club desde su fundaci\u00f3n en 1899. Est\u00e1 ubicado en el ic\u00f3nico estadio Camp Nou.<\/p>\n\n\n\n<div class=\"wp-block-uagb-buttons uagb-buttons__outer-wrap uagb-btn__default-btn uagb-btn-tablet__default-btn uagb-btn-mobile__default-btn uagb-block-bb79e68a\"><div class=\"uagb-buttons__wrap uagb-buttons-layout-wrap\">\n<div class=\"wp-block-uagb-buttons-child uagb-buttons__outer-wrap uagb-block-5fefebf7 wp-block-button\"><div class=\"uagb-button__wrapper\"><a class=\"uagb-buttons-repeater wp-block-button__link\" href=\"https:\/\/goo.gl\/maps\/7yxso9mWZiPMJraKA\" onclick=\"return true;\" rel=\"follow noopener\" target=\"_self\"><div class=\"uagb-button__link\">c\u00f3mo llegar<\/div><\/a><\/div><\/div>\n<\/div><\/div>\n<\/div>\n<\/div><\/section>\n","protected":false},"excerpt":{"rendered":"<p>BARCELONA, ESPA\u00d1A \u00bfD\u00f3nde ir si estas de visita por Barcelona? Razones para Visitar: Arquitectura Gaud\u00ed, Vistas Panor\u00e1micas, Mosaicos Coloridos, Senderos y Jardines, Elementos Fant\u00e1sticos, Patrimonio Cultural, Creatividad e Inspiraci\u00f3n. 1.- PARQUE G\u00dcEL: El Parque G\u00fcell es otro de los magn\u00edficos legados del genio Antoni Gaud\u00ed en Barcelona. El proyecto fue encargado por el industrialista Eusebi [&hellip;]<\/p>\n","protected":false},"author":1,"featured_media":0,"comment_status":"closed","ping_status":"closed","sticky":true,"template":"","format":"quote","meta":{"_uag_custom_page_level_css":"","_background_id":0,"_xo_background":{"id":0,"size":"auto","position_x":"left","position_y":"top","color":"","gradient":"","custom_gradient":""},"site-sidebar-layout":"default","site-content-layout":"","ast-site-content-layout":"","site-content-style":"default","site-sidebar-style":"default","ast-global-header-display":"","ast-banner-title-visibility":"","ast-main-header-display":"","ast-hfb-above-header-display":"","ast-hfb-below-header-display":"","ast-hfb-mobile-header-display":"","site-post-title":"disabled","ast-breadcrumbs-content":"","ast-featured-img":"","footer-sml-layout":"","theme-transparent-header-meta":"","adv-header-id-meta":"","stick-header-meta":"","header-above-stick-meta":"","header-main-stick-meta":"","header-below-stick-meta":"","astra-migrate-meta-layouts":"default","ast-page-background-enabled":"default","ast-page-background-meta":{"desktop":{"background-color":"","background-image":"","background-repeat":"repeat","background-position":"center center","background-size":"auto","background-attachment":"scroll","background-type":"","background-media":"","overlay-type":"","overlay-color":"","overlay-opacity":"","overlay-gradient":""},"tablet":{"background-color":"","background-image":"","background-repeat":"repeat","background-position":"center center","background-size":"auto","background-attachment":"scroll","background-type":"","background-media":"","overlay-type":"","overlay-color":"","overlay-opacity":"","overlay-gradient":""},"mobile":{"background-color":"","background-image":"","background-repeat":"repeat","background-position":"center center","background-size":"auto","background-attachment":"scroll","background-type":"","background-media":"","overlay-type":"","overlay-color":"","overlay-opacity":"","overlay-gradient":""}},"ast-content-background-meta":{"desktop":{"background-color":"var(--ast-global-color-5)","background-image":"","background-repeat":"repeat","background-position":"center center","background-size":"auto","background-attachment":"scroll","background-type":"","background-media":"","overlay-type":"","overlay-color":"","overlay-opacity":"","overlay-gradient":""},"tablet":{"background-color":"var(--ast-global-color-5)","background-image":"","background-repeat":"repeat","background-position":"center center","background-size":"auto","background-attachment":"scroll","background-type":"","background-media":"","overlay-type":"","overlay-color":"","overlay-opacity":"","overlay-gradient":""},"mobile":{"background-color":"var(--ast-global-color-5)","background-image":"","background-repeat":"repeat","background-position":"center center","background-size":"auto","background-attachment":"scroll","background-type":"","background-media":"","overlay-type":"","overlay-color":"","overlay-opacity":"","overlay-gradient":""}},"footnotes":""},"categories":[1],"tags":[],"aioseo_notices":[],"uagb_featured_image_src":{"full":false,"thumbnail":false,"medium":false,"medium_large":false,"large":false,"1536x1536":false,"2048x2048":false},"uagb_author_info":{"display_name":"Smart Travel Agencia de Viajes","author_link":"https:\/\/smarttravelhon.com\/index.php\/author\/smarttravelhon\/"},"uagb_comment_info":0,"uagb_excerpt":"BARCELONA, ESPA\u00d1A \u00bfD\u00f3nde ir si estas de visita por Barcelona? Razones para Visitar: Arquitectura Gaud\u00ed, Vistas Panor\u00e1micas, Mosaicos Coloridos, Senderos y Jardines, Elementos Fant\u00e1sticos, Patrimonio Cultural, Creatividad e Inspiraci\u00f3n. 1.- PARQUE G\u00dcEL: El Parque G\u00fcell es otro de los magn\u00edficos legados del genio Antoni Gaud\u00ed en Barcelona. El proyecto fue encargado por el industrialista Eusebi&hellip;","_links":{"self":[{"href":"https:\/\/smarttravelhon.com\/index.php\/wp-json\/wp\/v2\/posts\/1206"}],"collection":[{"href":"https:\/\/smarttravelhon.com\/index.php\/wp-json\/wp\/v2\/posts"}],"about":[{"href":"https:\/\/smarttravelhon.com\/index.php\/wp-json\/wp\/v2\/types\/post"}],"author":[{"embeddable":true,"href":"https:\/\/smarttravelhon.com\/index.php\/wp-json\/wp\/v2\/users\/1"}],"replies":[{"embeddable":true,"href":"https:\/\/smarttravelhon.com\/index.php\/wp-json\/wp\/v2\/comments?post=1206"}],"version-history":[{"count":11,"href":"https:\/\/smarttravelhon.com\/index.php\/wp-json\/wp\/v2\/posts\/1206\/revisions"}],"predecessor-version":[{"id":1433,"href":"https:\/\/smarttravelhon.com\/index.php\/wp-json\/wp\/v2\/posts\/1206\/revisions\/1433"}],"wp:attachment":[{"href":"https:\/\/smarttravelhon.com\/index.php\/wp-json\/wp\/v2\/media?parent=1206"}],"wp:term":[{"taxonomy":"category","embeddable":true,"href":"https:\/\/smarttravelhon.com\/index.php\/wp-json\/wp\/v2\/categories?post=1206"},{"taxonomy":"post_tag","embeddable":true,"href":"https:\/\/smarttravelhon.com\/index.php\/wp-json\/wp\/v2\/tags?post=1206"}],"curies":[{"name":"wp","href":"https:\/\/api.w.org\/{rel}","templated":true}]}}